{"id":237651,"date":"2023-10-07T20:39:13","date_gmt":"2023-10-07T18:39:13","guid":{"rendered":"https:\/\/fermeduboutdumonde.org\/2025\/06\/06\/fete-du-bout-du-monde-arlon-2023\/"},"modified":"2025-10-28T13:32:24","modified_gmt":"2025-10-28T12:32:24","slug":"fete-du-bout-du-monde-arlon-2023","status":"publish","type":"post","link":"https:\/\/fermeduboutdumonde.org\/fr\/2023\/10\/07\/fete-du-bout-du-monde-arlon-2023\/","title":{"rendered":"F\u00eate du bout du monde Arlon 2023"},"content":{"rendered":"\n<p class=\"has-text-align-center has-large-font-size\"> <br\/>7 octobre 2023<br\/>Programme :<\/p>\n\n<figure class=\"wp-block-image size-large\"><img loading=\"lazy\" decoding=\"async\" width=\"724\" height=\"1024\" src=\"https:\/\/fermeduboutdumonde.org\/wp-content\/uploads\/2023\/09\/Final-Flyer-Programme-724x1024.jpg\" alt=\"\" class=\"wp-image-1128\"\/><\/figure>\n\n<h2 class=\"has-text-align-center wp-block-heading\"><strong>Activit\u00e9s<\/strong><\/h2>\n\n<p class=\"has-luminous-vivid-orange-background-color has-background\"><br\/>ACTIVIT\u00c9 AVEC INSCRIPTION OBLIGATOIRE &#8212; SUIVEZ LE LIEN<\/p>\n\n<p class=\"has-luminous-vivid-amber-background-color has-background\"><br\/>ACTIVIT\u00c9 SANS INSCRIPTION<\/p>\n\n<p><\/p>\n\n<p class=\"has-luminous-vivid-amber-background-color has-background\">14h00<br\/><strong>Visite guid\u00e9e (Katy)<\/strong> \u2013 nous te faisons un petit tour de la ferme en t&rsquo;expliquant le projet<br\/><em>RDV \u00e0 l&rsquo;accueil, pas d&rsquo;inscription n\u00e9cessaire<\/em><br\/><\/p>\n\n<p class=\"has-luminous-vivid-amber-background-color has-background\">15:00  <br\/><strong>Biodiversit\u00e9<\/strong> \u00e0 la <strong>Ferme du bout du monde<\/strong> <strong>(Frederik)<\/strong> (en anglais ou fran\u00e7ais)<br\/>Embarque pour une courte aventure afin de d\u00e9couvrir les tr\u00e9sors cach\u00e9s de la biodiversit\u00e9 dans ton \u00e9cosyst\u00e8me local. D\u00e9couvre la biodiversit\u00e9 que nous avons d\u00e9j\u00e0 trouv\u00e9e dans notre jardin et apprends \u00e0 conna\u00eetre les services \u00e9cosyst\u00e9miques que ces beaut\u00e9s remplissent. Nous t&rsquo;apprendrons \u00e0 identifier toi-m\u00eame les esp\u00e8ces de ton jardin \u00e0 l&rsquo;aide de ton smartphone. Tu seras surpris d&rsquo;apprendre \u00e0 quel point cette r\u00e9gion est un point chaud de la biodiversit\u00e9.   <br\/><em>RDV \u00e0 l&rsquo;accueil, pas d&rsquo;inscription n\u00e9cessaire <\/em><br\/><\/p>\n\n<p class=\"has-luminous-vivid-orange-background-color has-background\">15:00-15:30 \/ 15:45-16:15<br\/><strong>2 tonnes (C\u00e9cile)<\/strong><br\/>Inventons des vies et une soci\u00e9t\u00e9 bas carbone pour garder une plan\u00e8te habitable : c&rsquo;est urgent, vital et \u00e7a fait du bien ! Une animation familiale ludique de 30 min qui s&rsquo;adresse \u00e0 tous, petits (savoir lire) et grands. \u00c0 l&rsquo;aide de simples cartes sur un fil, C\u00e9cile te fait d\u00e9couvrir les ordres de grandeur et imaginer ensemble des actions n\u00e9cessaires, possibles et d\u00e9sirables pour le climat. C\u00e9cile Cavalade, animatrice d&rsquo;ateliers de sensibilisation \u00e0 la transition \u00e9cologique aupr\u00e8s des professionnels, scolaires et \u00e9tudiants. Cette animation est bas\u00e9e sur l&rsquo;atelier \u00ab <a href=\"http:\/\/www.nosviesbascarbone.org\">Nos Vies Bas Carbone<\/a> \u00bb<br\/>INSCRIPTION obligatoire voir lien ci-dessous, don bienvenu     <br\/><a href=\"https:\/\/forms.gle\/vXPUXfDsvMXg41Fg6\">https:\/\/forms.gle\/vXPUXfDsvMXg41Fg6<\/a> (activit\u00e9 2 tonnes) <br\/><\/p>\n\n<p class=\"has-luminous-vivid-amber-background-color has-background\">15h00<br\/><strong>Bourse aux semences \u2013<\/strong> c&rsquo;est une bourse aux semences auto-organis\u00e9e,<strong> <\/strong>o\u00f9 tu peux r\u00e9cup\u00e9rer des semences artisanales et en offrir aux autres participants.<br\/><em>RDV \u00e0 l&rsquo;accueil, pas d&rsquo;inscription n\u00e9cessaire<\/em><\/p>\n\n<p class=\"has-luminous-vivid-amber-background-color has-background\">15h00-18h00<br\/><strong>Atelier art<\/strong><br\/>Nous repeignons les statues bourgeoises et la cour int\u00e9rieure aux couleurs de l&rsquo;arc-en-ciel pour mettre en \u00e9vidence une nouvelle relation \u00e0 l&rsquo;animal et \u00e0 la Terre. Pour tou.te.s qui se sentent inspir\u00e9.e.s, jeunes ou moins jeunes.<br\/><em>RDV \u00e0 l&rsquo;accueil, pas d&rsquo;inscription n\u00e9cessaire<\/em><\/p>\n\n<p class=\"has-luminous-vivid-orange-background-color has-background\">15h00-17h00<br\/><strong>Atelier gouvernance partag\u00e9e<\/strong> <strong>(Tarik)<\/strong> \u2013 apprends les bases de la gouvernance partag\u00e9e ou comment prendre les d\u00e9cisions ensemble et partager le pouvoir dans un groupe, workshop participatif et ludique.<br\/>INSCRIPTION obligatoire voir lien ci-dessous, don bienvenu<br\/><a href=\"https:\/\/forms.gle\/vXPUXfDsvMXg41Fg6\">https:\/\/forms.gle\/vXPUXfDsvMXg41Fg6<\/a><\/p>\n\n<p class=\"has-luminous-vivid-amber-background-color has-background\">15h00-18h00<br\/><strong>Forum des initiatives de la r\u00e9gion \u2013<\/strong> viens et apprends tout sur diff\u00e9rentes initiatives locales, pose tes questions, participe \u00e0 la discussion !<br\/>15h00-16h00 \u00c9change et entraide locales (<a rel=\"noreferrer noopener\" href=\"http:\/\/foodsharing.lu\" target=\"_blank\">Foodsharing<\/a>, <a rel=\"noreferrer noopener\" href=\"https:\/\/www.vibrerlocal.com\" target=\"_blank\">Vibrer local<\/a>, <a rel=\"noreferrer noopener\" href=\"http:\/\/brigadesactionspaysannes.be\" target=\"_blank\">Brigades d&rsquo;Actions Paysannes<\/a>, G1 \u00e0 confirmer)<br\/>16h00-17h00 Production \/ Consommaction (<a rel=\"noreferrer noopener\" href=\"https:\/\/canopeecooperative.be\" target=\"_blank\">Canop\u00e9e<\/a>, <a rel=\"noreferrer noopener\" href=\"http:\/\/bettielocal.be\" target=\"_blank\">Bettie<\/a>, <a rel=\"noreferrer noopener\" href=\"https:\/\/seed-net.lu\" target=\"_blank\">SEED asbl<\/a>)<br\/>17h00-18h00 Permaculture, Effondrement, Low Tech (<a rel=\"noreferrer noopener\" href=\"http:\/\/permanant.org\" target=\"_blank\">Permanant<\/a>, <a href=\"https:\/\/fermeduboutdumonde.org\/fr\/\">FDBDM<\/a>, multi-cultura)<br\/><em>RDV \u00e0 l&rsquo;accueil, pas d&rsquo;inscription n\u00e9cessaire<\/em><\/p>\n\n<p class=\"has-luminous-vivid-amber-background-color has-background\">15:00-22:00<br\/><strong>BAR OUVERT<\/strong><br\/>Avec notre partenaire la BAC (Brasserie Arlon Coop\u00e9rative), nous t&rsquo;offrons leur gamme de bi\u00e8res ! (payant)  <\/p>\n\n<p class=\"has-luminous-vivid-orange-background-color has-background\">16h00-17h00<br\/><strong>Atelier compost (Louise)<\/strong> \u2013 apprends les bases de ce qu&rsquo;est un compost et comment le r\u00e9aliser, atelier pratique et ludique<br\/>INSCRIPTION obligatoire voir lien ci-dessous, don bienvenu<br\/><a href=\"https:\/\/forms.gle\/vXPUXfDsvMXg41Fg6\">https:\/\/forms.gle\/vXPUXfDsvMXg41Fg6<\/a><\/p>\n\n<p class=\"has-luminous-vivid-orange-background-color has-background\">17:00-18:00<br\/><strong>Yoga (Sarah &amp; John)<\/strong><br\/>Nous t&rsquo;invitons \u00e0 une s\u00e9ance de Hatha Yoga d&rsquo;1 heure. Apporte ton tapis de yoga et rejoins-nous pour des exercices de respiration, \u00e9chauffement, asanas (postures de yoga) et relaxation. Il y a assez de choses dans notre vie quotidienne qui peuvent d\u00e9tourner notre attention du moment pr\u00e9sent. Avec le yoga, nous essayons de nous reconnecter avec notre corps et aussi avec notre esprit et lui offrir une pause bien m\u00e9rit\u00e9e.<br\/>Convient aux d\u00e9butants comme aux yogis exp\u00e9riment\u00e9s.<br\/>La s\u00e9ance sera en anglais ou en fran\u00e7ais selon les participants.<br\/>Merci d&rsquo;apporter un tapis de yoga &amp; une couverture.<br\/>Sur donation (10 euros sugg\u00e9r\u00e9s)<br\/>Places limit\u00e9es, inscris-toi ici<br\/>INSCRIPTION obligatoire voir lien ci-dessous, don bienvenu   <br\/><a href=\"https:\/\/forms.gle\/hZwdaB3fb3GFiy6n9\">https:\/\/forms.gle\/hZwdaB3fb3GFiy6n9<\/a><\/p>\n\n<p class=\"has-luminous-vivid-amber-background-color has-background\">18h00<br\/><strong>Visite guid\u00e9e (Katy)<\/strong> \u2013 nous te faisons un petit tour de la ferme en t&rsquo;expliquant le projet.<br\/><em>RDV \u00e0 l&rsquo;accueil, pas d&rsquo;inscription n\u00e9cessaire<\/em><\/p>\n\n<p class=\"has-luminous-vivid-amber-background-color has-background\">18h00<br\/><strong>Repas Auberge espagnole<\/strong> \u2013 apporte un plat pour ce repas participatif et profite d&rsquo;une grande diversit\u00e9 de mets diff\u00e9rents et d\u00e9couvre les produits de la ferme !<\/p>\n\n<p class=\"has-luminous-vivid-amber-background-color has-background\">19h30-<br\/><strong>Musique, d\u00e9tente, tchatche<\/strong><\/p>\n\n<p class=\"has-luminous-vivid-orange-background-color has-background\">19:30-21:30<br\/><strong>Cercle de parole effondrement<\/strong> \u2013 Il s&rsquo;agit d&rsquo;un cercle de parole o\u00f9 chaque participant aura l&rsquo;occasion de partager ses r\u00e9flexions, ses pr\u00e9occupations et ses espoirs concernant l&rsquo;effondrement dans un espace s\u00e9curis\u00e9. Nous \u00e9couterons attentivement les exp\u00e9riences et les perspectives de chacun.<br\/>INSCRIPTION obligatoire voir lien ci-dessous, don bienvenu <br\/><a href=\"https:\/\/forms.gle\/vXPUXfDsvMXg41Fg6\">https:\/\/forms.gle\/vXPUXfDsvMXg41Fg6<\/a><\/p>\n\n<p class=\"has-luminous-vivid-orange-background-color has-background\">19:30-21:30<br\/><strong>Cercle pour femmes<\/strong> \u2013 un espace chaleureux et bienveillant o\u00f9 les femmes se rassemblent pour partager, se connecter et se soutenir mutuellement dans leur voyage personnel et collectif. Notre cercle est un lieu d&rsquo;\u00e9coute, de gu\u00e9rison et d&#8217;empowerment, o\u00f9 la sororit\u00e9 et la bienveillance sont au c\u0153ur de chaque rencontre.<br\/>INSCRIPTION obligatoire voir lien ci-dessous, don de 20 \u20ac\/personne recommand\u00e9 <br\/><a href=\"https:\/\/forms.gle\/vXPUXfDsvMXg41Fg6\">https:\/\/forms.gle\/vXPUXfDsvMXg41Fg6<\/a><\/p>\n\n<p class=\"has-vivid-green-cyan-background-color has-background\"><br\/><strong>B\u00e9n\u00e9volat<\/strong><br\/>Si tu as envie de nous soutenir quelques heures, merci de t&rsquo;inscrire par ici <a href=\"https:\/\/forms.gle\/vXPUXfDsvMXg41Fg6\">https:\/\/forms.gle\/vXPUXfDsvMXg41Fg6<\/a> (activit\u00e9 b\u00e9n\u00e9volat) <\/p>\n","protected":false},"excerpt":{"rendered":"<p>7 octobre 2023Programme : Activit\u00e9s ACTIVIT\u00c9 AVEC INSCRIPTION OBLIGATOIRE &#8212; SUIVEZ LE LIEN ACTIVIT\u00c9 SANS INSCRIPTION 14h00Visite guid\u00e9e (Katy) \u2013 nous te faisons un petit tour de la ferme en t&rsquo;expliquant le projetRDV \u00e0 l&rsquo;accueil, pas d&rsquo;inscription n\u00e9cessaire 15:00 Biodiversit\u00e9 \u00e0 la Ferme du bout du monde (Frederik) (en anglais ou fran\u00e7ais)Embarque pour une courte [&hellip;]<\/p>\n","protected":false},"author":4,"featured_media":237653,"comment_status":"closed","ping_status":"closed","sticky":false,"template":"","format":"standard","meta":{"_et_pb_use_builder":"","_et_pb_old_content":"","_et_gb_content_width":"","footnotes":""},"categories":[39],"tags":[],"class_list":["post-237651","post","type-post","status-publish","format-standard","has-post-thumbnail","hentry","category-blog"],"_links":{"self":[{"href":"https:\/\/fermeduboutdumonde.org\/fr\/wp-json\/wp\/v2\/posts\/237651","targetHints":{"allow":["GET"]}}],"collection":[{"href":"https:\/\/fermeduboutdumonde.org\/fr\/wp-json\/wp\/v2\/posts"}],"about":[{"href":"https:\/\/fermeduboutdumonde.org\/fr\/wp-json\/wp\/v2\/types\/post"}],"author":[{"embeddable":true,"href":"https:\/\/fermeduboutdumonde.org\/fr\/wp-json\/wp\/v2\/users\/4"}],"replies":[{"embeddable":true,"href":"https:\/\/fermeduboutdumonde.org\/fr\/wp-json\/wp\/v2\/comments?post=237651"}],"version-history":[{"count":1,"href":"https:\/\/fermeduboutdumonde.org\/fr\/wp-json\/wp\/v2\/posts\/237651\/revisions"}],"predecessor-version":[{"id":237654,"href":"https:\/\/fermeduboutdumonde.org\/fr\/wp-json\/wp\/v2\/posts\/237651\/revisions\/237654"}],"wp:featuredmedia":[{"embeddable":true,"href":"https:\/\/fermeduboutdumonde.org\/fr\/wp-json\/wp\/v2\/media\/237653"}],"wp:attachment":[{"href":"https:\/\/fermeduboutdumonde.org\/fr\/wp-json\/wp\/v2\/media?parent=237651"}],"wp:term":[{"taxonomy":"category","embeddable":true,"href":"https:\/\/fermeduboutdumonde.org\/fr\/wp-json\/wp\/v2\/categories?post=237651"},{"taxonomy":"post_tag","embeddable":true,"href":"https:\/\/fermeduboutdumonde.org\/fr\/wp-json\/wp\/v2\/tags?post=237651"}],"curies":[{"name":"wp","href":"https:\/\/api.w.org\/{rel}","templated":true}]}}